{"id":173,"date":"2010-03-07T12:55:29","date_gmt":"2010-03-07T10:55:29","guid":{"rendered":"http:\/\/mkb-rechtsanwaelte.de\/blog\/wordpress\/?p=173"},"modified":"2010-03-07T12:55:29","modified_gmt":"2010-03-07T10:55:29","slug":"in-eigener-sache-mkb-rechtsanwalte-jetzt-auch-auf-facebook","status":"publish","type":"post","link":"http:\/\/www.mk-rechtsanwaelte.de\/mk\/in-eigener-sache-mkb-rechtsanwalte-jetzt-auch-auf-facebook\/","title":{"rendered":"In eigener Sache: MKB Rechtsanw\u00e4lte jetzt auch auf Facebook !"},"content":{"rendered":"<p>Den Inhalt dieses Blogs gibt es nun auch bei Facebook, wer uns also gerne zu seinen Kontakten hinzuf\u00fcgen m\u00f6chte, kann uns nun auch bei Facebook erreichen:<\/p>\n<p>Mielke Koy Butenberg Rechtsanw\u00e4lte <\/p>\n<p>lautet der Name unseres Accounts.<\/p>\n<p>Wir freuen uns \u00fcber jede Kontoaktaufnahme !!<\/p>\n","protected":false},"excerpt":{"rendered":"<p>Den Inhalt dieses Blogs gibt es nun auch bei Facebook, wer uns also gerne zu seinen Kontakten hinzuf\u00fcgen m\u00f6chte, kann uns nun auch bei Facebook erreichen: Mielke Koy Butenberg Rechtsanw\u00e4lte lautet der Name unseres Accounts. Wir freuen uns \u00fcber jede<\/p>\n","protected":false},"author":1,"featured_media":0,"comment_status":"open","ping_status":"open","sticky":false,"template":"","format":"standard","meta":[],"categories":[1],"tags":[],"_links":{"self":[{"href":"http:\/\/www.mk-rechtsanwaelte.de\/mk\/wp-json\/wp\/v2\/posts\/173"}],"collection":[{"href":"http:\/\/www.mk-rechtsanwaelte.de\/mk\/wp-json\/wp\/v2\/posts"}],"about":[{"href":"http:\/\/www.mk-rechtsanwaelte.de\/mk\/wp-json\/wp\/v2\/types\/post"}],"author":[{"embeddable":true,"href":"http:\/\/www.mk-rechtsanwaelte.de\/mk\/wp-json\/wp\/v2\/users\/1"}],"replies":[{"embeddable":true,"href":"http:\/\/www.mk-rechtsanwaelte.de\/mk\/wp-json\/wp\/v2\/comments?post=173"}],"version-history":[{"count":0,"href":"http:\/\/www.mk-rechtsanwaelte.de\/mk\/wp-json\/wp\/v2\/posts\/173\/revisions"}],"wp:attachment":[{"href":"http:\/\/www.mk-rechtsanwaelte.de\/mk\/wp-json\/wp\/v2\/media?parent=173"}],"wp:term":[{"taxonomy":"category","embeddable":true,"href":"http:\/\/www.mk-rechtsanwaelte.de\/mk\/wp-json\/wp\/v2\/categories?post=173"},{"taxonomy":"post_tag","embeddable":true,"href":"http:\/\/www.mk-rechtsanwaelte.de\/mk\/wp-json\/wp\/v2\/tags?post=173"}],"curies":[{"name":"wp","href":"https:\/\/api.w.org\/{rel}","templated":true}]}}