{"id":600,"date":"2013-10-08T12:16:25","date_gmt":"2013-10-08T10:16:25","guid":{"rendered":"http:\/\/mkb-rechtsanwaelte.de\/blog\/wordpress\/?p=600"},"modified":"2013-10-08T12:16:25","modified_gmt":"2013-10-08T10:16:25","slug":"abmahnwahn-ab-morgen-zu-ende","status":"publish","type":"post","link":"http:\/\/www.mk-rechtsanwaelte.de\/mk\/abmahnwahn-ab-morgen-zu-ende\/","title":{"rendered":"Abmahnwahn ab morgen zu Ende ?"},"content":{"rendered":"<p><a title=\"Bundesanzeiger\" href=\"http:\/\/www.bgbl.de\/Xaver\/start.xav?startbk=Bundesanzeiger_BGBl#__Bundesanzeiger_BGBl__%2F%2F*[%40attr_id%3D%27bgbl113s3714.pdf%27]__1381226386198\" target=\"_blank\">\u201eDas Gesetz gegen unsaubere Gesch\u00e4ftspraktiken\u201c ist nach der Zustimmung des Bundesrates heute im Bundesanzeiger erschienen<\/a>. Ausweislich des Textes sind die \u00c4nderungen ab morgen wirksam.<\/p>\n<p>Da fragt man sich, ob die einschl\u00e4gig bekannten Anwaltskanzleien morgen Ihre Drucker abschalten ?<\/p>\n<p><!--more--><\/p>\n<p>Wie ich bereits anl\u00e4sslich des <a title=\"Filesharingabmahnungen vor dem Ende ? Neuer Gesetzesentwurf der Bundesregierung gegen den \u201cAbmahnwahn\u201d.\" href=\"http:\/\/mkb-rechtsanwaelte.de\/blog\/wordpress\/?p=527\" target=\"_blank\">Beitrages zum \u00a0Referentenentwurfes<\/a> ausgef\u00fchrt habe, werden sich die Rechteinhaber meiner Meinung nach nunmehr auf den Schadensersatz und nicht mehr auf die Anwaltskosten \u00a0st\u00fcrzen, da sich hier bisher keine einheitliche Rechtsprechung herausgebildet hat, war doch das \u201eHauptkampffeld\u201c immer die H\u00f6he der Anwaltsgeb\u00fchren.<\/p>\n<p>Gleichzeitig bleibt es spannend, ob die Rechteinhaber und deren Kanzleien sich nunmehr vernetzen, um herauszufinden, ob ein Abgemahnter nicht vielleicht schon einmal \u201eauff\u00e4llig\u201c geworden ist. Oder ob die Abmahner nunmehr mit der Abmahnung abwarten, bis Sie zwei Verst\u00f6\u00dfe des Abgemahnten \u201enachweisen\u201c k\u00f6nnen. Denn dann ist wieder der volle Spielraum der Geb\u00fchrenordnung er\u00f6ffnet.<\/p>\n<p>Ich glaube die Gewinnspannen der Rechteinhaber und deren Anwaltskanzleien sind einfach zu gro\u00df, als dass dieses lukrative Gesch\u00e4ftsfeld so einfach aufgegeben wird.<\/p>\n<p>Ich bin gespannt auf die Argumentation der Abmahnanw\u00e4lte nach neuem Recht. Ich bin mir sicher dass die Textbausteine dazu schon in den Schubladen in <a title=\"Waldorf Frommer Rechtsanw\u00e4lte\" href=\"http:\/\/www.waldorf-frommer.de\/\" target=\"_blank\">M\u00fcnchen<\/a> und <a title=\"Rasch Legal Hamburg \" href=\"http:\/\/raschlegal.de\/\" target=\"_blank\">Hamburg<\/a> liegen\u2026..<\/p>\n","protected":false},"excerpt":{"rendered":"<p>\u201eDas Gesetz gegen unsaubere Gesch\u00e4ftspraktiken\u201c ist nach der Zustimmung des Bundesrates heute im Bundesanzeiger erschienen. Ausweislich des Textes sind die \u00c4nderungen ab morgen wirksam. Da fragt man sich, ob die einschl\u00e4gig bekannten Anwaltskanzleien morgen Ihre Drucker abschalten ?<\/p>\n","protected":false},"author":1,"featured_media":0,"comment_status":"open","ping_status":"open","sticky":false,"template":"","format":"standard","meta":[],"categories":[23,24,25,31],"tags":[588,80,83,589,590,285,591,245,592],"_links":{"self":[{"href":"http:\/\/www.mk-rechtsanwaelte.de\/mk\/wp-json\/wp\/v2\/posts\/600"}],"collection":[{"href":"http:\/\/www.mk-rechtsanwaelte.de\/mk\/wp-json\/wp\/v2\/posts"}],"about":[{"href":"http:\/\/www.mk-rechtsanwaelte.de\/mk\/wp-json\/wp\/v2\/types\/post"}],"author":[{"embeddable":true,"href":"http:\/\/www.mk-rechtsanwaelte.de\/mk\/wp-json\/wp\/v2\/users\/1"}],"replies":[{"embeddable":true,"href":"http:\/\/www.mk-rechtsanwaelte.de\/mk\/wp-json\/wp\/v2\/comments?post=600"}],"version-history":[{"count":0,"href":"http:\/\/www.mk-rechtsanwaelte.de\/mk\/wp-json\/wp\/v2\/posts\/600\/revisions"}],"wp:attachment":[{"href":"http:\/\/www.mk-rechtsanwaelte.de\/mk\/wp-json\/wp\/v2\/media?parent=600"}],"wp:term":[{"taxonomy":"category","embeddable":true,"href":"http:\/\/www.mk-rechtsanwaelte.de\/mk\/wp-json\/wp\/v2\/categories?post=600"},{"taxonomy":"post_tag","embeddable":true,"href":"http:\/\/www.mk-rechtsanwaelte.de\/mk\/wp-json\/wp\/v2\/tags?post=600"}],"curies":[{"name":"wp","href":"https:\/\/api.w.org\/{rel}","templated":true}]}}